{"id":819,"date":"2014-09-22T20:33:28","date_gmt":"2014-09-23T00:33:28","guid":{"rendered":"http:\/\/www.cohstra.org\/?p=819"},"modified":"2014-09-29T10:26:50","modified_gmt":"2014-09-29T14:26:50","slug":"uneven-growth-team-at-peoples-climate-march","status":"publish","type":"post","link":"https:\/\/www.cohstra.org\/?p=819","title":{"rendered":"UNEVEN GROWTH PROJECT TEAM AT PEOPLE&#8217;S CLIMATE MARCH"},"content":{"rendered":"<p>On September 21st, Cohstra&#8217;s design\u00a0and production team\u00a0working for the forthcoming MoMA exhibition, Uneven Growth: Tactical Urbanism for Expanding Megacities, took the streets to film the last footage of the Uneven Growth documentary. The documentary\u00a0aims to reveal the housing crisis in New York City, as well as policies and agents increasing the city&#8217;s social divide. It will be screened as part of the exhibition, which will open in November 2014.<\/p>\n<p>Cohstra members joined the Housing and Displacement Contingent organized by the Right to the City Alliance in collaboration with\u00a0Braden Crooks, an urban activist and former student of the Design and Urban Ecologies Graduate Program, The New School. This\u00a0cohort of housing activists and organizers marched at the front representing the\u00a0Frontlines of Crisis, Forefront of Change. Indigenous peoples took center stage, as well as\u00a0New Yorkers\u00a0affected by Super Storm Sandy. The Housing and Displacement Contingent\u00a0\u00a0marched\u00a0after\u00a0these\u00a0groups. \u00a0It was a powerful march\u00a0with a diversity of voices raising, just like the tides. Please take a look to Right to the City&#8217;s collection of pictures,<a href=\"https:\/\/www.flickr.com\/photos\/14489594@N06\/sets\/72157647503695040\" target=\"_blank\"> here.<\/a><\/p>\n<p>Want to watch the Uneven Growth Trailer? click <a href=\"http:\/\/www.cohstra.org\/?portfolio=uneven-growth\" target=\"_blank\">here.<\/a><br \/>\nProduced by Cohabitation Strategies<br \/>\nUneven Growth\u00a0Team:\u00a0Lucia Babina, Emiliano Gandolfi, Gabriela Rend\u00f3n, Miguel Robles-Dur\u00e1n, Guillermo Delgado, Phillip L\u00fchl, Raquel de Anda, Jonathan Lapalme, Juan Pablo Pemberty, Santiago Giraldo and Juan Junca.<\/p>\n<p>&nbsp;<\/p>\n<p>[slideshow_deploy id=&#8217;832&#8242;]<\/p>\n<p>Photos: Jonathan Lapalme and Gabriela Rendon.<\/p>\n<p>&nbsp;<\/p>\n","protected":false},"excerpt":{"rendered":"<p>On September 21st, Cohstra&#8217;s design\u00a0and production team\u00a0working for the forthcoming MoMA exhibition, Uneven Growth: Tactical Urbanism for Expanding Megacities, took the streets to film the last footage of the Uneven Growth documentary. The documentary\u00a0aims to reveal the housing crisis in New York City, as well as policies and agents increasing the city&#8217;s social divide. It [&hellip;]<\/p>\n","protected":false},"author":1,"featured_media":0,"comment_status":"open","ping_status":"open","sticky":false,"template":"","format":"standard","meta":{"footnotes":""},"categories":[1],"tags":[],"class_list":["post-819","post","type-post","status-publish","format-standard","hentry","category-uncategorized"],"_links":{"self":[{"href":"https:\/\/www.cohstra.org\/index.php?rest_route=\/wp\/v2\/posts\/819","targetHints":{"allow":["GET"]}}],"collection":[{"href":"https:\/\/www.cohstra.org\/index.php?rest_route=\/wp\/v2\/posts"}],"about":[{"href":"https:\/\/www.cohstra.org\/index.php?rest_route=\/wp\/v2\/types\/post"}],"author":[{"embeddable":true,"href":"https:\/\/www.cohstra.org\/index.php?rest_route=\/wp\/v2\/users\/1"}],"replies":[{"embeddable":true,"href":"https:\/\/www.cohstra.org\/index.php?rest_route=%2Fwp%2Fv2%2Fcomments&post=819"}],"version-history":[{"count":21,"href":"https:\/\/www.cohstra.org\/index.php?rest_route=\/wp\/v2\/posts\/819\/revisions"}],"predecessor-version":[{"id":848,"href":"https:\/\/www.cohstra.org\/index.php?rest_route=\/wp\/v2\/posts\/819\/revisions\/848"}],"wp:attachment":[{"href":"https:\/\/www.cohstra.org\/index.php?rest_route=%2Fwp%2Fv2%2Fmedia&parent=819"}],"wp:term":[{"taxonomy":"category","embeddable":true,"href":"https:\/\/www.cohstra.org\/index.php?rest_route=%2Fwp%2Fv2%2Fcategories&post=819"},{"taxonomy":"post_tag","embeddable":true,"href":"https:\/\/www.cohstra.org\/index.php?rest_route=%2Fwp%2Fv2%2Ftags&post=819"}],"curies":[{"name":"wp","href":"https:\/\/api.w.org\/{rel}","templated":true}]}}